{"@context":"https:\/\/schema.org\/","@type":"CollectionPage","@id":"https:\/\/www.sheeni.cz\/byt-a-dum\/#CollectionPage","headline":"Byt a d\u016fm Category","description":"","url":"https:\/\/www.sheeni.cz\/byt-a-dum\/","hasPart":[{"@type":"Article","@id":"https:\/\/www.sheeni.cz\/hledame-pozemek-pro-dum-typu-drevostavby\/","headline":"Hled\u00e1me pozemek pro d\u016fm typu d\u0159evostavby","url":"https:\/\/www.sheeni.cz\/hledame-pozemek-pro-dum-typu-drevostavby\/","datePublished":"2024-12-20","dateModified":"2024-12-20","mainEntityOfPage":"https:\/\/www.sheeni.cz\/hledame-pozemek-pro-dum-typu-drevostavby\/","author":{"@type":"Person","@id":"https:\/\/www.sheeni.cz\/author\/#Person","name":"","url":"https:\/\/www.sheeni.cz\/author\/","identifier":1,"image":{"@type":"ImageObject","@id":"https:\/\/secure.gravatar.com\/avatar\/0004469d2196026c4aaacbb56e80b8fe204b91e98e8d884732a12310e081011a?s=96&d=mm&r=g","url":"https:\/\/secure.gravatar.com\/avatar\/0004469d2196026c4aaacbb56e80b8fe204b91e98e8d884732a12310e081011a?s=96&d=mm&r=g","height":96,"width":96}},"publisher":{"@type":"Organization","name":"sheeni.cz","logo":{"@type":"ImageObject","@id":"\/logo.png","url":"\/logo.png","width":600,"height":60}},"image":{"@type":"ImageObject","@id":"https:\/\/www.sheeni.cz\/wp-content\/uploads\/new-home-1664302_640_6.jpg","url":"https:\/\/www.sheeni.cz\/wp-content\/uploads\/new-home-1664302_640_6.jpg","height":0,"width":0},"keywords":null},{"@type":"Article","@id":"https:\/\/www.sheeni.cz\/domy-a-byty-bohatych-lidi\/","headline":"Domy a byty bohat\u00fdch lid\u00ed","url":"https:\/\/www.sheeni.cz\/domy-a-byty-bohatych-lidi\/","datePublished":"2024-07-31","dateModified":"2024-07-31","mainEntityOfPage":"https:\/\/www.sheeni.cz\/domy-a-byty-bohatych-lidi\/","author":{"@type":"Person","@id":"https:\/\/www.sheeni.cz\/author\/#Person","name":"","url":"https:\/\/www.sheeni.cz\/author\/","identifier":1,"image":{"@type":"ImageObject","@id":"https:\/\/secure.gravatar.com\/avatar\/0004469d2196026c4aaacbb56e80b8fe204b91e98e8d884732a12310e081011a?s=96&d=mm&r=g","url":"https:\/\/secure.gravatar.com\/avatar\/0004469d2196026c4aaacbb56e80b8fe204b91e98e8d884732a12310e081011a?s=96&d=mm&r=g","height":96,"width":96}},"publisher":{"@type":"Organization","name":"sheeni.cz","logo":{"@type":"ImageObject","@id":"\/logo.png","url":"\/logo.png","width":600,"height":60}},"image":{"@type":"ImageObject","@id":"https:\/\/www.sheeni.cz\/wp-content\/uploads\/door-2593482_640_10_4.jpg","url":"https:\/\/www.sheeni.cz\/wp-content\/uploads\/door-2593482_640_10_4.jpg","height":0,"width":0},"keywords":null},{"@type":"Article","@id":"https:\/\/www.sheeni.cz\/kdy-se-vyplati-vzit-si-na-bydleni-hypoteku\/","headline":"Kdy se vyplat\u00ed vz\u00edt si na bydlen\u00ed hypot\u00e9ku","url":"https:\/\/www.sheeni.cz\/kdy-se-vyplati-vzit-si-na-bydleni-hypoteku\/","datePublished":"2023-12-05","dateModified":"2023-12-05","mainEntityOfPage":"https:\/\/www.sheeni.cz\/kdy-se-vyplati-vzit-si-na-bydleni-hypoteku\/","author":{"@type":"Person","@id":"https:\/\/www.sheeni.cz\/author\/#Person","name":"","url":"https:\/\/www.sheeni.cz\/author\/","identifier":1,"image":{"@type":"ImageObject","@id":"https:\/\/secure.gravatar.com\/avatar\/0004469d2196026c4aaacbb56e80b8fe204b91e98e8d884732a12310e081011a?s=96&d=mm&r=g","url":"https:\/\/secure.gravatar.com\/avatar\/0004469d2196026c4aaacbb56e80b8fe204b91e98e8d884732a12310e081011a?s=96&d=mm&r=g","height":96,"width":96}},"publisher":{"@type":"Organization","name":"sheeni.cz","logo":{"@type":"ImageObject","@id":"\/logo.png","url":"\/logo.png","width":600,"height":60}},"image":{"@type":"ImageObject","@id":"https:\/\/www.sheeni.cz\/wp-content\/uploads\/hypoteka1_10_10_10_10_10_10_10_10_10_10_8.jpg","url":"https:\/\/www.sheeni.cz\/wp-content\/uploads\/hypoteka1_10_10_10_10_10_10_10_10_10_10_8.jpg","height":0,"width":0},"keywords":null},{"@type":"Article","@id":"https:\/\/www.sheeni.cz\/jakymi-barvami-vymalovat-dum\/","headline":"Jak\u00fdmi barvami vymalovat d\u016fm","url":"https:\/\/www.sheeni.cz\/jakymi-barvami-vymalovat-dum\/","datePublished":"2023-09-05","dateModified":"2024-04-05","mainEntityOfPage":"https:\/\/www.sheeni.cz\/jakymi-barvami-vymalovat-dum\/","author":{"@type":"Person","@id":"https:\/\/www.sheeni.cz\/author\/#Person","name":"","url":"https:\/\/www.sheeni.cz\/author\/","identifier":1,"image":{"@type":"ImageObject","@id":"https:\/\/secure.gravatar.com\/avatar\/0004469d2196026c4aaacbb56e80b8fe204b91e98e8d884732a12310e081011a?s=96&d=mm&r=g","url":"https:\/\/secure.gravatar.com\/avatar\/0004469d2196026c4aaacbb56e80b8fe204b91e98e8d884732a12310e081011a?s=96&d=mm&r=g","height":96,"width":96}},"publisher":{"@type":"Organization","name":"sheeni.cz","logo":{"@type":"ImageObject","@id":"\/logo.png","url":"\/logo.png","width":600,"height":60}},"image":{"@type":"ImageObject","@id":"https:\/\/www.sheeni.cz\/wp-content\/uploads\/domacnost2_1.jpg","url":"https:\/\/www.sheeni.cz\/wp-content\/uploads\/domacnost2_1.jpg","height":0,"width":0},"keywords":null},{"@type":"Article","@id":"https:\/\/www.sheeni.cz\/byt-versus-dum\/","headline":"Byt versus d\u016fm","url":"https:\/\/www.sheeni.cz\/byt-versus-dum\/","datePublished":"2023-04-20","dateModified":"2023-12-20","mainEntityOfPage":"https:\/\/www.sheeni.cz\/byt-versus-dum\/","author":{"@type":"Person","@id":"https:\/\/www.sheeni.cz\/author\/#Person","name":"","url":"https:\/\/www.sheeni.cz\/author\/","identifier":1,"image":{"@type":"ImageObject","@id":"https:\/\/secure.gravatar.com\/avatar\/0004469d2196026c4aaacbb56e80b8fe204b91e98e8d884732a12310e081011a?s=96&d=mm&r=g","url":"https:\/\/secure.gravatar.com\/avatar\/0004469d2196026c4aaacbb56e80b8fe204b91e98e8d884732a12310e081011a?s=96&d=mm&r=g","height":96,"width":96}},"publisher":{"@type":"Organization","name":"sheeni.cz","logo":{"@type":"ImageObject","@id":"\/logo.png","url":"\/logo.png","width":600,"height":60}},"image":{"@type":"ImageObject","@id":"https:\/\/www.sheeni.cz\/wp-content\/uploads\/apartment-4358755_1280.jpg","url":"https:\/\/www.sheeni.cz\/wp-content\/uploads\/apartment-4358755_1280.jpg","height":0,"width":0},"keywords":null},{"@type":"Article","@id":"https:\/\/www.sheeni.cz\/nabytek-ve-stredoveku\/","headline":"N\u00e1bytek ve st\u0159edov\u011bku","url":"https:\/\/www.sheeni.cz\/nabytek-ve-stredoveku\/","datePublished":"2019-12-11","dateModified":"2019-12-11","mainEntityOfPage":"https:\/\/www.sheeni.cz\/nabytek-ve-stredoveku\/","author":{"@type":"Person","@id":"https:\/\/www.sheeni.cz\/author\/#Person","name":"","url":"https:\/\/www.sheeni.cz\/author\/","identifier":1,"image":{"@type":"ImageObject","@id":"https:\/\/secure.gravatar.com\/avatar\/0004469d2196026c4aaacbb56e80b8fe204b91e98e8d884732a12310e081011a?s=96&d=mm&r=g","url":"https:\/\/secure.gravatar.com\/avatar\/0004469d2196026c4aaacbb56e80b8fe204b91e98e8d884732a12310e081011a?s=96&d=mm&r=g","height":96,"width":96}},"publisher":{"@type":"Organization","name":"sheeni.cz","logo":{"@type":"ImageObject","@id":"\/logo.png","url":"\/logo.png","width":600,"height":60}},"image":{"@type":"ImageObject","@id":"https:\/\/www.sheeni.cz\/wp-content\/uploads\/img_a365897_w4214_t1578559111.jpg","url":"https:\/\/www.sheeni.cz\/wp-content\/uploads\/img_a365897_w4214_t1578559111.jpg","height":0,"width":0},"keywords":null}]}