[{"@context":"https:\/\/schema.org\/","@type":"Article","@id":"https:\/\/www.sheeni.cz\/ceske-budejovice-jsou-nejkrasnejsi-v-lete\/#Article","mainEntityOfPage":"https:\/\/www.sheeni.cz\/ceske-budejovice-jsou-nejkrasnejsi-v-lete\/","headline":"\u010cesk\u00e9 Bud\u011bjovice jsou nejkr\u00e1sn\u011bj\u0161\u00ed v l\u00e9t\u011b","name":"\u010cesk\u00e9 Bud\u011bjovice jsou nejkr\u00e1sn\u011bj\u0161\u00ed v l\u00e9t\u011b","description":"L\u00e9to je obdob\u00ed \u0161koln\u00edch pr\u00e1zdnin a dovolen\u00fdch a v \u010dervenci a v srpnu je tak\u00e9 ide\u00e1ln\u00ed \u010das na pobyt v p\u0159\u00edrod\u011b ve v\u011bt\u0161\u00edm http:\/\/www.rozhlas.cz\/strednicechy\/aktualne\/_zprava\/zricenou-trojskou-lavku-nahradil-privoz-kapitani-se-potykaji-s-vetsim-proudem-i-melcinami&#8211;1777170 rozsahu, ne\u017e jsme zvykl\u00ed v pr\u016fb\u011bhu kalend\u00e1\u0159n\u00edho roku. M\u016f\u017eeme se slunit a opalovat, koupat se na p\u0159ehrad\u00e1ch \u010di v \u0159ek\u00e1ch a pochutn\u00e1vat si na \u010derstv\u00e9m ovoci, co se pr\u00e1v\u011b urodilo v [&hellip;]","datePublished":"2023-06-20","dateModified":"2023-07-24","author":{"@type":"Person","@id":"https:\/\/www.sheeni.cz\/author\/#Person","name":"","url":"https:\/\/www.sheeni.cz\/author\/","identifier":1,"image":{"@type":"ImageObject","@id":"https:\/\/secure.gravatar.com\/avatar\/0004469d2196026c4aaacbb56e80b8fe204b91e98e8d884732a12310e081011a?s=96&d=mm&r=g","url":"https:\/\/secure.gravatar.com\/avatar\/0004469d2196026c4aaacbb56e80b8fe204b91e98e8d884732a12310e081011a?s=96&d=mm&r=g","height":96,"width":96}},"publisher":{"@type":"Organization","name":"sheeni.cz","logo":{"@type":"ImageObject","@id":"\/logo.png","url":"\/logo.png","width":600,"height":60}},"image":{"@type":"ImageObject","@id":"https:\/\/www.sheeni.cz\/wp-content\/uploads\/czech-republic-7113978_640.jpg","url":"https:\/\/www.sheeni.cz\/wp-content\/uploads\/czech-republic-7113978_640.jpg","height":0,"width":0},"url":"https:\/\/www.sheeni.cz\/ceske-budejovice-jsou-nejkrasnejsi-v-lete\/","about":["Business"],"wordCount":418,"articleBody":"       L\u00e9to je obdob\u00ed \u0161koln\u00edch pr\u00e1zdnin a dovolen\u00fdch a v \u010dervenci a v srpnu je tak\u00e9 ide\u00e1ln\u00ed \u010das na pobyt v p\u0159\u00edrod\u011b ve v\u011bt\u0161\u00edm  http:\/\/www.rozhlas.cz\/strednicechy\/aktualne\/_zprava\/zricenou-trojskou-lavku-nahradil-privoz-kapitani-se-potykaji-s-vetsim-proudem-i-melcinami&#8211;1777170 rozsahu, ne\u017e jsme zvykl\u00ed v pr\u016fb\u011bhu kalend\u00e1\u0159n\u00edho roku. M\u016f\u017eeme se slunit a opalovat, koupat se na p\u0159ehrad\u00e1ch \u010di v \u0159ek\u00e1ch a pochutn\u00e1vat si na \u010derstv\u00e9m ovoci, co se pr\u00e1v\u011b urodilo v ovocn\u00fdch sadech. O pr\u00e1zdnin\u00e1ch m\u00edv\u00e1me tak\u00e9 tendence vycestovat do zahrani\u010d\u00ed a u\u017e\u00edt si dovolenou u mo\u0159e, zvl\u00e1\u0161t\u011b pak proto, \u017ee to m\u00e1me k mo\u0159i dost daleko, a \u017ee je to sp\u00ed\u0161e vzd\u00e1len\u00e1 exotika, ne\u017eli b\u011b\u017en\u00e1 ka\u017edodenn\u00ed rutina.Existuj\u00ed v\u0161ak m\u00edsta, kter\u00e1 i v tuzemsku napln\u00ed o\u010dek\u00e1v\u00e1n\u00ed rekreant\u016f na zaj\u00edmav\u00fd pobyt. Krom\u011b horsk\u00fdch masiv\u016f Krkono\u0161 a Jizersk\u00fdch hor, Lu\u017eick\u00fdch hor \u010di Jesen\u00edk\u016f jsou to tak\u00e9 Ji\u017en\u00ed \u010cechy. Jiho\u010desk\u00e9mu regionu v\u00e9vod\u00ed \u010cesk\u00e9 Bud\u011bjovice. Oslov\u00ed v\u00e1s nejen sv\u00fdmi pam\u00e1tkami v historick\u00e9m j\u00e1dru, ale tak\u00e9 p\u0159ekr\u00e1snou p\u0159\u00edrodou v bezprost\u0159edn\u00ed okol\u00ed. Nach\u00e1z\u00ed se ve velmi strategick\u00e9 pozici v\u016f\u010di nejkr\u00e1sn\u011bj\u0161\u00edm \u010d\u00e1stem tohoto regionu, a tak se vypl\u00e1c\u00ed zajistit si t\u00fddenn\u00ed pobyt v penzionech \u010cesk\u00e9 Bud\u011bjovice https:\/\/www.penzionurudolfa.cz\/ a vypravovat se odtud na jednodenn\u00ed v\u00fdlety.Vltava, Mal\u0161e a Lu\u017enice \u2013 okol\u00ed \u010cesk\u00fdch Bud\u011bjovic je protk\u00e1no s\u00edt\u00ed turistick\u00fdch cest a cyklotras, z nich\u017e mnoh\u00e9 vedou pod\u00e9l \u010di nap\u0159\u00ed\u010d nejv\u00fdznamn\u011bj\u0161\u00edch \u0159\u00ed\u010dn\u00edch tok\u016f tohoto regionu. V\u0161echny t\u0159i \u0159eky se mohou pochlubit p\u0159ekr\u00e1snou p\u0159\u00edrodou a romantick\u00fdmi z\u00e1kout\u00edmi, jak\u00e9 jinde v Evrop\u011b neobjev\u00edte. Zejm\u00e9na Vltava a Lu\u017enice pat\u0159\u00ed k nejobl\u00edben\u011bj\u0161\u00edm \u0159ek\u00e1m tuzemsk\u00fdch vod\u00e1k\u016f a na Vltavu se t\u011b\u0161\u00ed i z\u00e1jemci ze zahrani\u010d\u00ed, nap\u0159\u00edklad z Rakouska.Blansk\u00fd les \u2013 nejvy\u0161\u0161\u00ed horou tohoto poho\u0159\u00ed je Kle\u0165, kter\u00e1 tvo\u0159\u00ed dominantu vzd\u00e1len\u00e9ho horizontu p\u0159i pohledu sm\u011brem na jihoz\u00e1pad od jiho\u010desk\u00e9 metropole. Kdo z v\u00e1s Kle\u0165 dosud nenav\u0161t\u00edvil a chyst\u00e1 se na \u010ceskobud\u011bjovicko vypravit, nem\u011bl by si tuto b\u00e1je\u010dnou p\u0159\u00edle\u017eitost nechat uj\u00edt. Pohled z rozhledny za slune\u010dn\u00e9ho po\u010das\u00ed stoj\u00ed za tu n\u00e1mahu.                                                                                                                                                                                                                                                                                                                                                                                          3.7\/5 - (6 votes)        "},{"@context":"https:\/\/schema.org\/","@type":"BreadcrumbList","itemListElement":[{"@type":"ListItem","position":1,"name":"\u010cesk\u00e9 Bud\u011bjovice jsou nejkr\u00e1sn\u011bj\u0161\u00ed v l\u00e9t\u011b","item":"https:\/\/www.sheeni.cz\/ceske-budejovice-jsou-nejkrasnejsi-v-lete\/#breadcrumbitem"}]}]