[{"@context":"https:\/\/schema.org\/","@type":"Article","@id":"https:\/\/www.sheeni.cz\/k-dispozici-je-vam-wellness-centrum\/#Article","mainEntityOfPage":"https:\/\/www.sheeni.cz\/k-dispozici-je-vam-wellness-centrum\/","headline":"K dispozici je v\u00e1m wellness centrum","name":"K dispozici je v\u00e1m wellness centrum","description":"T\u011b\u0161\u00edme se na va\u0161i n\u00e1v\u0161t\u011bvu ve sporthotelu Kurzovn\u00ed v Jesen\u00edk\u00e1ch. K n\u00e1m m\u016f\u017eete p\u0159ijet kdykoliv. I v zim\u011b je u n\u00e1s n\u00e1dhern\u011b. Kr\u00e1sn\u011b si zaly\u017eujete, m\u00e1me p\u016fj\u010dovnu b\u011b\u017eek a snowboard\u016f a taky \u00faschovnu ly\u017e\u00ed. M\u00e1me zde v\u00fdborn\u00e9 sn\u011bhov\u00e9 podm\u00ednky, pod\u00edl\u00edme se na organizaci \u0159ady z\u00e1vod\u016f v b\u011bhu na ly\u017e\u00edch. Ubytov\u00e1n\u00ed Prad\u011bd &#8211; dovolen\u00e1 p\u0159esn\u011b pro [&hellip;]","datePublished":"2025-04-27","dateModified":"2025-04-27","author":{"@type":"Person","@id":"https:\/\/www.sheeni.cz\/author\/#Person","name":"","url":"https:\/\/www.sheeni.cz\/author\/","identifier":1,"image":{"@type":"ImageObject","@id":"https:\/\/secure.gravatar.com\/avatar\/0004469d2196026c4aaacbb56e80b8fe204b91e98e8d884732a12310e081011a?s=96&d=mm&r=g","url":"https:\/\/secure.gravatar.com\/avatar\/0004469d2196026c4aaacbb56e80b8fe204b91e98e8d884732a12310e081011a?s=96&d=mm&r=g","height":96,"width":96}},"publisher":{"@type":"Organization","name":"sheeni.cz","logo":{"@type":"ImageObject","@id":"\/logo.png","url":"\/logo.png","width":600,"height":60}},"url":"https:\/\/www.sheeni.cz\/k-dispozici-je-vam-wellness-centrum\/","wordCount":204,"articleBody":"T\u011b\u0161\u00edme se na va\u0161i n\u00e1v\u0161t\u011bvu ve sporthotelu Kurzovn\u00ed v Jesen\u00edk\u00e1ch. K n\u00e1m m\u016f\u017eete p\u0159ijet kdykoliv. I v zim\u011b je u n\u00e1s n\u00e1dhern\u011b. Kr\u00e1sn\u011b si zaly\u017eujete, m\u00e1me p\u016fj\u010dovnu b\u011b\u017eek a snowboard\u016f a taky \u00faschovnu ly\u017e\u00ed. M\u00e1me zde v\u00fdborn\u00e9 sn\u011bhov\u00e9 podm\u00ednky, pod\u00edl\u00edme se na organizaci \u0159ady z\u00e1vod\u016f v b\u011bhu na ly\u017e\u00edch. Ubytov\u00e1n\u00ed Prad\u011bd &#8211; dovolen\u00e1 p\u0159esn\u011b pro v\u00e1s. Zkou\u0161eli jste jezdit i na horsk\u00fdch kolech? Pokud ano, m\u00e1te p\u0159\u00edle\u017eitost si j\u00edzdu na horsk\u00fdch kolech vyzkou\u0161et i u n\u00e1s pobl\u00ed\u017e sporthotelu Kurzovn\u00ed v Jesen\u00edk\u00e1ch. U n\u00e1s se nikdo nemus\u00ed nudit. Person\u00e1l horsk\u00e9ho hotelu je p\u0159ipraven splnit ka\u017ed\u00e9 va\u0161e p\u0159\u00e1n\u00ed. Kr\u00e1sn\u00e1 p\u0159\u00edroda, \u010dist\u00fd vzduch a kvalitn\u00ed slu\u017eby v na\u0161em hotelu v\u00e1s jist\u011b k n\u00e1m p\u0159il\u00e1kaj\u00ed. Ubytov\u00e1n\u00ed Prad\u011bd v\u00e1s nezklame. P\u016fj\u010dovna ly\u017e\u00ed V zim\u011b maj\u00ed na\u0161i host\u00e9 k dispozici p\u016fj\u010dovnu b\u011b\u017eek a snowboard\u016f, ale i \u00faschovnu ly\u017e\u00ed. Ubytov\u00e1n\u00ed Prad\u011bd v\u00e1s pot\u011b\u0161\u00ed.                                                                                                                                                                                                                                                                                                                                                                                                "},{"@context":"https:\/\/schema.org\/","@type":"BreadcrumbList","itemListElement":[{"@type":"ListItem","position":1,"name":"K dispozici je v\u00e1m wellness centrum","item":"https:\/\/www.sheeni.cz\/k-dispozici-je-vam-wellness-centrum\/#breadcrumbitem"}]}]