[{"@context":"https:\/\/schema.org\/","@type":"Article","@id":"https:\/\/www.sheeni.cz\/kdyz-chcete-rict-ano\/#Article","mainEntityOfPage":"https:\/\/www.sheeni.cz\/kdyz-chcete-rict-ano\/","headline":"Kdy\u017e chcete \u0159\u00edct, ano","name":"Kdy\u017e chcete \u0159\u00edct, ano","description":"Na\u0161li jste \u017eivotn\u00ed l\u00e1sku, se kterou m\u00e1te jasnou vidinu spole\u010dn\u00e9ho \u017eivota? Z\u00e1snubn\u00ed prsten je ji\u017e na prst\u011b, ale co d\u00e1l? D\u00e1l je pot\u0159ebn\u00e9 p\u0159ipravit se na den, kdy si \u0159eknete spole\u010dn\u00e9 ano. V takov\u00e9m p\u0159\u00edpad\u011b je dobr\u00e9 za\u010d\u00edt svatebn\u00edm ozn\u00e1men\u00edm. Jak jinak by se va\u0161e p\u0159\u00edbuzenstvo, p\u0159\u00e1tel\u00e9 a zn\u00e1m\u00ed dov\u011bd\u011bli, co vy dva chyst\u00e1te? Ve [&hellip;]","datePublished":"2023-08-02","dateModified":"2023-08-02","author":{"@type":"Person","@id":"https:\/\/www.sheeni.cz\/author\/#Person","name":"","url":"https:\/\/www.sheeni.cz\/author\/","identifier":1,"image":{"@type":"ImageObject","@id":"https:\/\/secure.gravatar.com\/avatar\/0004469d2196026c4aaacbb56e80b8fe204b91e98e8d884732a12310e081011a?s=96&d=mm&r=g","url":"https:\/\/secure.gravatar.com\/avatar\/0004469d2196026c4aaacbb56e80b8fe204b91e98e8d884732a12310e081011a?s=96&d=mm&r=g","height":96,"width":96}},"publisher":{"@type":"Organization","name":"sheeni.cz","logo":{"@type":"ImageObject","@id":"\/logo.png","url":"\/logo.png","width":600,"height":60}},"url":"https:\/\/www.sheeni.cz\/kdyz-chcete-rict-ano\/","wordCount":252,"articleBody":"Na\u0161li jste \u017eivotn\u00ed l\u00e1sku, se kterou m\u00e1te jasnou vidinu spole\u010dn\u00e9ho \u017eivota? Z\u00e1snubn\u00ed prsten je ji\u017e na prst\u011b, ale co d\u00e1l? D\u00e1l je pot\u0159ebn\u00e9 p\u0159ipravit se na den, kdy si \u0159eknete spole\u010dn\u00e9 ano. V takov\u00e9m p\u0159\u00edpad\u011b je dobr\u00e9 za\u010d\u00edt svatebn\u00edm ozn\u00e1men\u00edm. Jak jinak by se va\u0161e p\u0159\u00edbuzenstvo, p\u0159\u00e1tel\u00e9 a zn\u00e1m\u00ed dov\u011bd\u011bli, co vy dva chyst\u00e1te? Ve stejn\u00e9m proveden\u00ed m\u016f\u017eete nechat p\u0159ipravit, jak pozv\u00e1nky k oslav\u011b, tak ko\u0161\u00ed\u010dky na kol\u00e1\u010dky, \u010di v\u00fdslu\u017eku. Styl m\u016f\u017eete zvolit z ji\u017e nab\u00edzen\u00fdch, ale taky m\u016f\u017eete m\u00edt vlastn\u00ed n\u00e1vrh designu i textu.\tDo spole\u010dn\u00e9ho \u017eivota slavnostn\u011bSvatebn\u00edm ozn\u00e1men\u00edm nic nezkaz\u00edte ani v p\u0159\u00edpad\u011b, \u017ee nebudete po\u0159\u00e1dat \u017e\u00e1dnou oslavu, \u010di poz\u00fdvat hromadu host\u00ed. Tradice pat\u0159\u00ed ke ka\u017ed\u00e9 slavnostn\u00ed ud\u00e1losti a \u0159\u00edct t\u00edmto zp\u016fsobem v\u0161em bl\u00edzk\u00fdm, \u017ee se chcete br\u00e1t, je slu\u0161nost i povinnost. Ka\u017ed\u00e9ho pot\u011b\u0161\u00ed, \u017ee jste si na n\u011bj vzpomn\u011bli a ur\u010dit\u011b v\u00e1m r\u00e1d pop\u0159eje i osobn\u011b. Nenechte si tento den uj\u00edt mezi prsty a p\u0159ipravte se do spole\u010dn\u00e9ho \u017eivota se v\u0161\u00edm, co k tomu pat\u0159\u00ed. V\u017edy\u0165 m\u00e1te cel\u00fd \u017eivot p\u0159ed sebou a tento den je jen jeden. Tak pro\u010d si ho \u0159\u00e1dn\u011b neu\u017e\u00edt?                                                                                                                                                                                                                                                                                                                                                                                        4.9\/5 - (8 votes)        "},{"@context":"https:\/\/schema.org\/","@type":"BreadcrumbList","itemListElement":[{"@type":"ListItem","position":1,"name":"Kdy\u017e chcete \u0159\u00edct, ano","item":"https:\/\/www.sheeni.cz\/kdyz-chcete-rict-ano\/#breadcrumbitem"}]}]