[{"@context":"https:\/\/schema.org\/","@type":"Article","@id":"https:\/\/www.sheeni.cz\/moje-technika\/#Article","mainEntityOfPage":"https:\/\/www.sheeni.cz\/moje-technika\/","headline":"Moje technika","name":"Moje technika","description":"Podle m\u00e9ho n\u00e1zoru je technika n\u011bco, co n\u00e1m lidem opravdu hodn\u011b usnad\u0148uje \u017eivot. Vzpom\u00edn\u00e1m si, jak m\u016fj otec v\u017edycky \u0159\u00edkal, \u017ee technika jednoho dne dobude opravdu cel\u00fd sv\u011bt. V t\u00e9 dob\u011b, kdy mi bylo asi osm nebo mo\u017en\u00e1 i dev\u011bt let, tak jsem v\u016fbec nech\u00e1pala, jak m\u016fj otec tohle v\u0161echno mysl\u00ed. \u017de technika dobude\u00a0sv\u011bt? Jak [&hellip;]","datePublished":"2023-02-02","dateModified":"2023-08-02","author":{"@type":"Person","@id":"https:\/\/www.sheeni.cz\/author\/#Person","name":"","url":"https:\/\/www.sheeni.cz\/author\/","identifier":1,"image":{"@type":"ImageObject","@id":"https:\/\/secure.gravatar.com\/avatar\/0004469d2196026c4aaacbb56e80b8fe204b91e98e8d884732a12310e081011a?s=96&d=mm&r=g","url":"https:\/\/secure.gravatar.com\/avatar\/0004469d2196026c4aaacbb56e80b8fe204b91e98e8d884732a12310e081011a?s=96&d=mm&r=g","height":96,"width":96}},"publisher":{"@type":"Organization","name":"sheeni.cz","logo":{"@type":"ImageObject","@id":"\/logo.png","url":"\/logo.png","width":600,"height":60}},"image":{"@type":"ImageObject","@id":"https:\/\/www.sheeni.cz\/wp-content\/uploads\/desk-1284085_1280_1.jpg","url":"https:\/\/www.sheeni.cz\/wp-content\/uploads\/desk-1284085_1280_1.jpg","height":0,"width":0},"url":"https:\/\/www.sheeni.cz\/moje-technika\/","about":["Technika"],"wordCount":518,"articleBody":"Podle m\u00e9ho n\u00e1zoru je technika n\u011bco, co n\u00e1m lidem opravdu hodn\u011b usnad\u0148uje \u017eivot. Vzpom\u00edn\u00e1m si, jak m\u016fj otec v\u017edycky \u0159\u00edkal, \u017ee technika jednoho dne dobude opravdu cel\u00fd sv\u011bt. V t\u00e9 dob\u011b, kdy mi bylo asi osm nebo mo\u017en\u00e1 i dev\u011bt let, tak jsem v\u016fbec nech\u00e1pala, jak m\u016fj otec tohle v\u0161echno mysl\u00ed. \u017de technika dobude\u00a0sv\u011bt? Jak to otec v\u016fbec mysl\u00ed? \u0158ekla jsem si, \u017ee tohle nech\u00e1m b\u00fdt, proto\u017ee kdy\u017e tomu nerozum\u00edm, tak se do toho ani motat nebudu. Jenom\u017ee otec st\u00e1le le\u017eel v takov\u00fdch odborn\u00fdch kn\u00ed\u017ek\u00e1ch o technice, \u017ee m\u011b to docela za\u010dalo zaj\u00edmat. Otec tak\u00e9 odeb\u00edral r\u016fzn\u00e9 \u010dasopisy, kter\u00e9 se pr\u00e1v\u011b t\u00fdkaly techniky anebo dal\u0161\u00edch technick\u00fdch v\u011bc\u00ed. Otec tak\u00e9 miloval po\u010d\u00edta\u010de nebo tablety a mobiln\u00ed telefony. Otec tak\u00e9 kolikr\u00e1t snil o tom, \u017ee jednoho dne budou automobily \u00fapln\u011b v\u0161echny na elekt\u0159inu. Tohle bylo asi p\u0159ed dvaceti lety, kdy mi tohle otec \u0159ekl. A sv\u011bte div se, a v\u0161ichni v\u00edme, jak\u00e1 je situace dnes. Dnes u\u017e je opravdu plno automobil\u016f, kter\u00e9 jsou na elekt\u0159inu. Ale kolikr\u00e1t si \u0159\u00edk\u00e1m, jestli je to v\u016fbec dobr\u00e9. Jestli je vhodn\u00e9, \u017ee jsou automobily na elekt\u0159inu. Kdy\u017e to tak vid\u00edm, tak je s elektrick\u00fdmi vozidly opravdu v\u00edce probl\u00e9m\u016f, ne\u017e nap\u0159\u00edklad s benzinov\u00fdmi nebo naftov\u00fdmi vozy. Abych se p\u0159iznala, tak ani nev\u00edm, jestli j\u00e1 bych m\u011bla zrovna z\u00e1jem o to, abych si po\u0159\u00eddila elektromobil. Sice ch\u00e1pu, \u017ee elektromobily jsou opravdu vozy nov\u00e9 generace a \u017ee se tak\u00e9 vyplat\u00ed, ale abych se p\u0159iznala, j\u00e1 bych se opravdu moc b\u00e1la. J\u00e1 m\u00e1m doma elektrokolob\u011b\u017eku. Je to tak\u00e9 opravdu perfektn\u00ed technick\u00fd vyn\u00e1lez, ale kdy\u017e to tak vezmu, tak se tak\u00e9 boj\u00edm, aby mi doma nevyho\u0159el d\u016fm. Kdy\u017e kolikr\u00e1t sl\u00fdch\u00e1m, \u017ee snad ka\u017ed\u00e1 des\u00e1t\u00e1 kolob\u011b\u017eka zapojen\u00e1 v elekt\u0159in\u011b vyho\u0159\u00ed, tak si kolikr\u00e1t \u0159\u00edk\u00e1m, \u017ee m\u00e1m tak\u00e9 docela velik\u00fd strach. Opravdu nev\u00edm, co bych d\u011blala, kdyby mi jednoho dne za\u010dala ho\u0159et chodba, jenom kv\u016fli tomu, \u017ee jsem si tam nechala nab\u00edjet elektrokolob\u011b\u017eku. Podle m\u00e9ho n\u00e1zoru, kdy\u017e se lid\u00e9 zaj\u00edmaj\u00ed tak\u00e9 o hodn\u011b o techniku, tak je to jenom dob\u0159e. Proto\u017ee si mysl\u00edm, \u017ee kdy\u017e se v\u00edce lid\u00ed bude zaj\u00edmat o techniku, tak to potom tak\u00e9 bude samoz\u0159ejm\u011b dopadat tak, \u017ee se v\u017edycky vymysl\u00ed n\u011bco lep\u0161\u00edho a kvalitn\u011bj\u0161\u00edho. A pokud lid\u00e9 budou na tohle ka\u0161lat a nebudou v\u00edce se zaj\u00edmat o techniku, podle m\u00e9ho n\u00e1zoru tu bude jenom smutn\u00e9. T\u0159eba n\u00e1s je\u0161t\u011b \u010dek\u00e1 tolik vymo\u017eenost\u00ed a tolik nov\u00e9 techniky, co bychom ani ne\u010dekali a uvid\u00edte, \u017ee se n\u00e1m to bude l\u00edbit.                                                                                                                                                                                                                                                                                                                                                                                        2.6\/5 - (5 votes)        "},{"@context":"https:\/\/schema.org\/","@type":"BreadcrumbList","itemListElement":[{"@type":"ListItem","position":1,"name":"Moje technika","item":"https:\/\/www.sheeni.cz\/moje-technika\/#breadcrumbitem"}]}]