[{"@context":"https:\/\/schema.org\/","@type":"Article","@id":"https:\/\/www.sheeni.cz\/radost-z-auta\/#Article","mainEntityOfPage":"https:\/\/www.sheeni.cz\/radost-z-auta\/","headline":"Radost z auta","name":"Radost z auta","description":"Kdy\u017e jsem \u0159ekla sv\u00e9mu p\u0159\u00edteli, \u017ee u\u017e kone\u010dn\u011b nastal takov\u00fd ten \u010das, kdy bychom si mohli po\u0159\u00eddit auto, tak p\u0159\u00edtel byl zklaman\u00fd, proto\u017ee p\u0159\u00edtel se b\u00e1l \u0159\u00eddit automobil. Ihned v\u00e1m ale tak\u00e9 vysv\u011btl\u00edm ten d\u016fvod, pro\u010d se boj\u00ed. M\u016fj p\u0159\u00edtel m\u011bl u\u017e jednu hav\u00e1rii, kdy potom dva roky ne\u0159\u00eddil. I kdy\u017e \u0159\u00eddit mohl, tak mi [&hellip;]","datePublished":"2023-03-30","dateModified":"2023-05-31","author":{"@type":"Person","@id":"https:\/\/www.sheeni.cz\/author\/#Person","name":"","url":"https:\/\/www.sheeni.cz\/author\/","identifier":1,"image":{"@type":"ImageObject","@id":"https:\/\/secure.gravatar.com\/avatar\/0004469d2196026c4aaacbb56e80b8fe204b91e98e8d884732a12310e081011a?s=96&d=mm&r=g","url":"https:\/\/secure.gravatar.com\/avatar\/0004469d2196026c4aaacbb56e80b8fe204b91e98e8d884732a12310e081011a?s=96&d=mm&r=g","height":96,"width":96}},"publisher":{"@type":"Organization","name":"sheeni.cz","logo":{"@type":"ImageObject","@id":"\/logo.png","url":"\/logo.png","width":600,"height":60}},"image":{"@type":"ImageObject","@id":"https:\/\/www.sheeni.cz\/wp-content\/uploads\/ferrari-360-2918130_1280.jpg","url":"https:\/\/www.sheeni.cz\/wp-content\/uploads\/ferrari-360-2918130_1280.jpg","height":0,"width":0},"url":"https:\/\/www.sheeni.cz\/radost-z-auta\/","about":["Auto moto"],"wordCount":409,"articleBody":"Kdy\u017e jsem \u0159ekla sv\u00e9mu p\u0159\u00edteli, \u017ee u\u017e kone\u010dn\u011b nastal takov\u00fd ten \u010das, kdy bychom si mohli po\u0159\u00eddit auto, tak p\u0159\u00edtel byl zklaman\u00fd, proto\u017ee p\u0159\u00edtel se b\u00e1l \u0159\u00eddit automobil. Ihned v\u00e1m ale tak\u00e9 vysv\u011btl\u00edm ten d\u016fvod, pro\u010d se boj\u00ed. M\u016fj p\u0159\u00edtel m\u011bl u\u017e jednu hav\u00e1rii, kdy potom dva roky ne\u0159\u00eddil. I kdy\u017e \u0159\u00eddit mohl, tak mi st\u00e1le dokola opakoval, \u017ee se boj\u00ed \u0159\u00eddit auto. J\u00e1 ho sice na jednu stranu ch\u00e1pu, Ov\u0161em na druhou stranu zase nerozum\u00edm tomu, pro\u010d by tomu nemohl d\u00e1t druhou \u0161anci. A j\u00e1 auto m\u00e1m r\u00e1da a tak\u00e9 velice r\u00e1da jezd\u00edm na v\u00fdlety pr\u00e1v\u011b automobilem. Sice ano, mohla bych tak\u00e9 jezdit na v\u00fdlety t\u0159eba nap\u0159\u00edklad autobusem nebo vlakem, ale v\u011b\u0159te mi, \u017ee automobil je v\u00edce pohodln\u00fd. Nemus\u00edte se spol\u00e9hat na autobus anebo na vlak a na r\u016fzn\u00e9 \u010dasy, kdy mus\u00edte odjet, i kdyby se\u00a0v\u00e1m v\u016fbec necht\u011blo. Nakonec to potom dopadlo tak, \u017ee se p\u0159\u00edtel svolil a za\u010dali jsme op\u011bt jezdit automobilem. Ale a\u017e po tolika letech. Jenom\u017ee, co jsem mohla d\u011blat. Nem\u016f\u017eu p\u0159ece p\u0159\u00edtele nutit do n\u011b\u010deho, kdy\u017e o to nem\u00e1 z\u00e1jem a nechce v\u016fbec jezdit. Nakonec to dopadlo v\u0161echno skv\u011ble, tak\u017ee jsem r\u00e1da, \u017ee u\u017e p\u0159\u00edtel kone\u010dn\u011b jezd\u00ed automobilem. Je to taky opravdu hodn\u011b praktick\u00e9, proto\u017ee on do pr\u00e1ce jezdil st\u00e1li jenom autobusem, co\u017e opravdu bylo nepraktick\u00e9, proto\u017ee kolikr\u00e1t denn\u011b autobus ani nejel, tak\u017ee p\u0159\u00edtel potom mnohokr\u00e1t p\u0159i\u0161el pozd\u011b do pr\u00e1ce.Na to se samoz\u0159ejm\u011b nel\u00edbilo jeho zam\u011bstnavateli, co\u017e j\u00e1 pln\u011b ch\u00e1pu. Tak\u017ee m\u011b t\u011b\u0161\u00ed, \u017ee u\u017e kone\u010dn\u011b zase m\u016f\u017eeme jezdit autem na r\u016fzn\u00e9 v\u00fdlety, kter\u00e9 jsou opravdu skv\u011ble. Letos se chyst\u00e1me automobilem a\u017e do It\u00e1lie. Je super, \u017ee i j\u00e1 m\u00e1m \u0159idi\u010dsk\u00fd pr\u016fkaz, tak\u017ee to nakonec dopadne tak, \u017ee se alespo\u0148 budeme v \u0159\u00edzen\u00ed automobilu st\u0159\u00eddat. A jak nejrad\u011bji vy jezd\u00edte na v\u00fdlety? D\u00e1v\u00e1te p\u0159ednost automobilu nebo rad\u011bji vlakem \u010di autobusem? J\u00e1 v\u00edm, \u017ee v\u0161echno m\u00e1 sv\u00e9 pro a proti. Ale m\u00edt sv\u00e9\u00a0auto je prima.                                                                                                                                                                                                                                                                                                                                                                                        4.5\/5 - (12 votes)        "},{"@context":"https:\/\/schema.org\/","@type":"BreadcrumbList","itemListElement":[{"@type":"ListItem","position":1,"name":"Radost z auta","item":"https:\/\/www.sheeni.cz\/radost-z-auta\/#breadcrumbitem"}]}]