[{"@context":"https:\/\/schema.org\/","@type":"Article","@id":"https:\/\/www.sheeni.cz\/rodina-a-klid\/#Article","mainEntityOfPage":"https:\/\/www.sheeni.cz\/rodina-a-klid\/","headline":"Rodina a klid","name":"Rodina a klid","description":"Mysl\u00edm si, \u017ee kdy\u017e \u010dlov\u011bk udr\u017euje opravdu skv\u011bl\u00e9 vztahy, tak je na tom v\u017edycky dob\u0159e. Zn\u00e1m opravdu n\u011bkolik rodin, kter\u00e9 v\u016fbec si ned\u00e1vali z\u00e1le\u017eet na tom, aby jejich rodinn\u00e9 vztahy byly v\u017edycky v po\u0159\u00e1dku a na prvn\u00edm m\u00edst\u011b. Jsou toti\u017e bohu\u017eel tak\u00e9 takov\u00e9 rodiny, kter\u00e9 sp\u00ed\u0161e dbaj\u00ed na to, aby m\u011bli n\u011bjakou presti\u017e a skv\u011blou [&hellip;]","datePublished":"2023-02-10","dateModified":"2023-05-18","author":{"@type":"Person","@id":"https:\/\/www.sheeni.cz\/author\/#Person","name":"","url":"https:\/\/www.sheeni.cz\/author\/","identifier":1,"image":{"@type":"ImageObject","@id":"https:\/\/secure.gravatar.com\/avatar\/0004469d2196026c4aaacbb56e80b8fe204b91e98e8d884732a12310e081011a?s=96&d=mm&r=g","url":"https:\/\/secure.gravatar.com\/avatar\/0004469d2196026c4aaacbb56e80b8fe204b91e98e8d884732a12310e081011a?s=96&d=mm&r=g","height":96,"width":96}},"publisher":{"@type":"Organization","name":"sheeni.cz","logo":{"@type":"ImageObject","@id":"\/logo.png","url":"\/logo.png","width":600,"height":60}},"image":{"@type":"ImageObject","@id":"https:\/\/www.sheeni.cz\/wp-content\/uploads\/girl-2480361_960_720_1.jpg","url":"https:\/\/www.sheeni.cz\/wp-content\/uploads\/girl-2480361_960_720_1.jpg","height":0,"width":0},"url":"https:\/\/www.sheeni.cz\/rodina-a-klid\/","about":["Vztahy"],"wordCount":466,"articleBody":"Mysl\u00edm si, \u017ee kdy\u017e \u010dlov\u011bk udr\u017euje opravdu skv\u011bl\u00e9 vztahy, tak je na tom v\u017edycky dob\u0159e. Zn\u00e1m opravdu n\u011bkolik rodin, kter\u00e9 v\u016fbec si ned\u00e1vali z\u00e1le\u017eet na tom, aby jejich rodinn\u00e9 vztahy byly v\u017edycky v po\u0159\u00e1dku a na prvn\u00edm m\u00edst\u011b. Jsou toti\u017e bohu\u017eel tak\u00e9 takov\u00e9 rodiny, kter\u00e9 sp\u00ed\u0161e dbaj\u00ed na to, aby m\u011bli n\u011bjakou presti\u017e a skv\u011blou image. Abych se p\u0159iznala, tak mn\u011b se tohle v\u016fbec nel\u00edb\u00ed, proto\u017ee jsem sp\u00ed\u0161e proto, aby cel\u00e1 rodina v\u017edycky byla v po\u0159\u00e1dku, a hlavn\u011b aby si rozum\u011bla. Opravdu nepat\u0159\u00edm k t\u011bm lidem, kter\u00fdm je \u00fapln\u011b jedno, jak se jejich d\u011bti c\u00edt\u00ed nebo jak se c\u00edt\u00ed zbytek rodiny. V\u017edycky mi opravdu bylo moc smutno, kdy\u017e t\u0159eba od n\u011bkoho sl\u00fdch\u00e1m, \u017ee n\u011bkomu je \u00fapln\u011b jedno, jak se ten druh\u00fd c\u00edt\u00ed. V\u017edy\u0165\u00a0takhle to b\u00fdt nem\u00e1. J\u00e1 jsem nap\u0159\u00edklad hodn\u011b\u00a0citliv\u00e1 osoba hodn\u011b dok\u00e1\u017ei s n\u011bk\u00fdm c\u00edtit, n\u011bkdy jsem jako\u00a0zpov\u011bdn\u00ed vrba a nevad\u00ed mi to. A pro\u010d to takhle v\u016fbec mus\u00ed b\u00fdt? V\u017edycky jsem si \u0159\u00edkala, \u017ee m\u016f\u017eu opravdu d\u011bkovat bohu, \u017ee j\u00e1 osobn\u011b m\u00e1m skv\u011blou rodinu. A v\u00e1\u017en\u011b nezn\u00e1m \u017e\u00e1dn\u00fd p\u0159\u00edpad, kdy bychom se t\u0159eba s rodinou poh\u00e1dali anebo m\u011bli n\u011bjak\u00e9 vztahov\u00e9 probl\u00e9my, kter\u00e9 by ne\u0161ly vy\u0159e\u0161it. Vd\u011b\u010d\u00edm za to opravdu mnoha lidem, tak\u017ee m\u011b velice t\u011b\u0161\u00ed, \u017ee tak\u00e9 na\u0161e rodina to m\u00e1 zrovna takhle.Tak\u00e9 mi ale zase na druhou stranu vad\u00ed, \u017ee nap\u0159\u00edklad m\u016fj p\u0159\u00edtel mi kolikr\u00e1t vy\u010d\u00edt\u00e1 fakt, \u017ee chod\u00edm s kamar\u00e1dkami velice \u010dasto na k\u00e1vu anebo na diskot\u00e9ky. A je tohle sice pravda, ale m\u011b tohle v\u016fbec nevad\u00ed, proto\u017ee j\u00e1 se chci prost\u011b bavit a v\u016fbec nem\u00edn\u00edm se nikdy vzd\u00e1t toho, \u017ee bych p\u0159estala zni\u010dehonic chodit na n\u011bjak\u00e9 z\u00e1bavy anebo diskot\u00e9ky. J\u00e1 osobn\u011b na tom nevid\u00edm nic \u0161patn\u00e9ho, sp\u00ed\u0161e si mysl\u00edm, \u017ee kdy\u017e \u010dlov\u011bk udr\u017euje dobr\u00e9 vztahy s p\u0159\u00e1teli, tak d\u011bl\u00e1 dob\u0159e. Proto\u017ee dobr\u00fdch vztah\u016f s p\u0159\u00e1teli nebo v rodin\u011b nen\u00ed nikdy dost. A jak vn\u00edm\u00e1te rodinu vy nebo jak vych\u00e1z\u00edte s p\u0159\u00edteli? v\u011b\u0159te mi, \u017ee n\u011bkdy je v\u00e1\u017en\u011b skv\u011bl\u00e9 a jedin\u00e9 mo\u017en\u00e9 \u0159e\u0161en\u00ed ud\u011blat kompromis, ne\u017e abyste se potom\u00a0s n\u011bk\u00fdm hodn\u011b a \u010dasto h\u00e1dali. Jsme r\u00e1da, \u017ee zrovna j\u00e1 jsem hodn\u011b klidn\u00e9 a citliv\u00e9 povahy.\u00a0                                                                                                                                                                                                                                                                                                                                                                                        4.5\/5 - (10 votes)        "},{"@context":"https:\/\/schema.org\/","@type":"BreadcrumbList","itemListElement":[{"@type":"ListItem","position":1,"name":"Rodina a klid","item":"https:\/\/www.sheeni.cz\/rodina-a-klid\/#breadcrumbitem"}]}]