[{"@context":"https:\/\/schema.org\/","@type":"Article","@id":"https:\/\/www.sheeni.cz\/skvele-auto\/#Article","mainEntityOfPage":"https:\/\/www.sheeni.cz\/skvele-auto\/","headline":"Skv\u011bl\u00e9 auto","name":"Skv\u011bl\u00e9 auto","description":"Podle m\u00e9ho n\u00e1zoru je opravdu skv\u011bl\u00e9, kdy\u017e si rodina m\u016f\u017ee dovolit n\u011bjak\u00e9 auto. Proto\u017ee podle m\u00e9ho n\u00e1zoru automobil je skv\u011bl\u00fd v tom, \u017ee kdy\u017e ho m\u00e1te, tak jste vlastn\u011b takov\u00ed variabiln\u00ed a m\u016f\u017eete se pohybovat kamkoliv chcete. Tohle zn\u00e1m z vlastn\u00ed zku\u0161enosti. Proto\u017ee si je\u0161t\u011b vzpom\u00edn\u00e1m na sebe, kdy\u017e jsem si v osmn\u00e1cti letech d\u011blala [&hellip;]","datePublished":"2023-03-17","dateModified":"2023-04-26","author":{"@type":"Person","@id":"https:\/\/www.sheeni.cz\/author\/#Person","name":"","url":"https:\/\/www.sheeni.cz\/author\/","identifier":1,"image":{"@type":"ImageObject","@id":"https:\/\/secure.gravatar.com\/avatar\/0004469d2196026c4aaacbb56e80b8fe204b91e98e8d884732a12310e081011a?s=96&d=mm&r=g","url":"https:\/\/secure.gravatar.com\/avatar\/0004469d2196026c4aaacbb56e80b8fe204b91e98e8d884732a12310e081011a?s=96&d=mm&r=g","height":96,"width":96}},"publisher":{"@type":"Organization","name":"sheeni.cz","logo":{"@type":"ImageObject","@id":"\/logo.png","url":"\/logo.png","width":600,"height":60}},"image":{"@type":"ImageObject","@id":"https:\/\/www.sheeni.cz\/wp-content\/uploads\/car-604019_960_720_1.jpg","url":"https:\/\/www.sheeni.cz\/wp-content\/uploads\/car-604019_960_720_1.jpg","height":0,"width":0},"url":"https:\/\/www.sheeni.cz\/skvele-auto\/","about":["Auto moto"],"wordCount":416,"articleBody":"Podle m\u00e9ho n\u00e1zoru je opravdu skv\u011bl\u00e9, kdy\u017e si rodina m\u016f\u017ee dovolit n\u011bjak\u00e9 auto. Proto\u017ee podle m\u00e9ho n\u00e1zoru automobil je skv\u011bl\u00fd v tom, \u017ee kdy\u017e ho m\u00e1te, tak jste vlastn\u011b takov\u00ed variabiln\u00ed a m\u016f\u017eete se pohybovat kamkoliv chcete. Tohle zn\u00e1m z vlastn\u00ed zku\u0161enosti. Proto\u017ee si je\u0161t\u011b vzpom\u00edn\u00e1m na sebe, kdy\u017e jsem si v osmn\u00e1cti letech d\u011blala sv\u016fj prvn\u00ed \u0159idi\u010dsk\u00fd pr\u016fkaz. Schv\u00e1ln\u011b zmi\u0148uji prvn\u00ed \u0159idi\u010dsk\u00fd pr\u016fkaz, proto\u017ee m\u016fj bratr ho ud\u011blal napot\u0159et\u00ed. Tak\u017ee m\u011b docela zaj\u00edmalo, jak si na tom povedu j\u00e1, jestli budu \u0161ikovn\u00e1 a ud\u011bl\u00e1m \u0159idi\u010dsk\u00fd pr\u016fkaz napoprv\u00e9 nebo budu jako bratr a ud\u011bl\u00e1m \u0159idi\u010dsk\u00fd pr\u016fkaz napot\u0159et\u00ed. Na\u0161t\u011bst\u00ed to v\u0161echno dopadlo skv\u011ble a mn\u011b se poda\u0159ilo ud\u011blat \u0159idi\u010dsk\u00fd pr\u016fkaz \u00fapln\u011b napoprv\u00e9. Tak\u00e9 m\u011b pot\u011b\u0161ilo to, \u017ee mi moje rodi\u010de dali jejich star\u00e9 auto. Sice to jejich auto bylo u\u017e asi deset let star\u00e9 a bylo takov\u00e9 o\u0161unt\u011bl\u00e9 a m\u011blo hodn\u011b kosmetick\u00fdch vad, ale n\u011bjak extra m\u011b to netr\u00e1pilo. Jenom\u017ee mn\u011b to nevadilo. Byla jsem opravdu vd\u011b\u010dn\u00e1 za to, \u017ee v\u016fbec mohu m\u00edt auto a \u017ee m\u016f\u017eu \u0159\u00eddit. Proto\u017ee jsem pat\u0159ila k t\u011bm lidem, kte\u0159\u00ed nem\u011bli moc pen\u011bz, na\u0161e rodina byla celkov\u011b chud\u00e1. Tak\u017ee jsem se samoz\u0159ejm\u011b spokojila s t\u00edm, \u017ee m\u00e1m alespo\u0148 n\u011bjak\u00e9 star\u0161\u00ed auto. Stejn\u011b jsem si potom po t\u0159ech letech za vlastn\u00ed na\u0161et\u0159en\u00e9 pen\u00edze koupila jin\u00e9 auto.Sice ne \u00fapln\u011b nov\u00e9 jako z n\u011bjak\u00e9ho salonu, ale n\u011bjak\u00e9 ojet\u00e9 z bazaru. Mus\u00edm ale \u0159\u00edct, \u017ee mi slou\u017eilo dal\u0161\u00edch sedm let. A jak jste na tom vy automobil? Zn\u00e1m hodn\u011b lid\u00ed, kte\u0159\u00ed by si p\u0159\u00e1li m\u00edt vlastn\u00ed auto, ale bohu\u017eel jim osud nep\u0159\u00e1l. T\u0159eba na to nemaj\u00ed kompetence nebo maj\u00ed z\u00e1kaz \u0159\u00edzen\u00ed i z toho d\u016fvodu, \u017ee jsou nemocn\u00ed a kv\u016fli nemoci nemohou ani \u0159\u00eddit automobil. Dokonce i m\u016fj str\u00fdc nem\u016f\u017ee m\u00edt automobil,\u00a0proto\u017ee\u00a0m\u00e1 epilepsii. Je to v\u00e1\u017en\u011b velik\u00e1 \u0161koda. Str\u00fdc m\u011bl p\u011bt let \u0159idi\u010d\u00e1k, ne\u017e mu diagnostikovali epilepsii, co\u017e ho velmi zas\u00e1hlo. Musel pak vracet \u0159idi\u010dsk\u00fd pr\u016fkaz.                                                                                                                                                                                                                                                                                                                                                                                        4.1\/5 - (7 votes)        "},{"@context":"https:\/\/schema.org\/","@type":"BreadcrumbList","itemListElement":[{"@type":"ListItem","position":1,"name":"Skv\u011bl\u00e9 auto","item":"https:\/\/www.sheeni.cz\/skvele-auto\/#breadcrumbitem"}]}]