[{"@context":"https:\/\/schema.org\/","@type":"Article","@id":"https:\/\/www.sheeni.cz\/zeleny-caj-s-matou\/#Article","mainEntityOfPage":"https:\/\/www.sheeni.cz\/zeleny-caj-s-matou\/","headline":"Zelen\u00fd \u010daj s m\u00e1tou","name":"Zelen\u00fd \u010daj s m\u00e1tou","description":"Je opravdu hodn\u011b lid\u00ed, kte\u0159\u00ed si ka\u017ed\u00fd den d\u00e1vaj\u00ed n\u011bjak\u00fd \u010daj, i kdy\u017e zn\u00e1m tak\u00e9 samoz\u0159ejm\u011b lidi, kte\u0159\u00ed v\u016fbec nemaj\u00ed r\u00e1di \u010daje. Opravdu tohle nedok\u00e1\u017ei pochopit, proto\u017ee \u010daj opravdu v zim\u011b kr\u00e1sn\u011b zah\u0159eje. Nap\u0159\u00edklad moje babi\u010dka \u0159\u00edk\u00e1, \u017ee si \u010daj d\u00e1m maxim\u00e1ln\u011b tak jednou nebo dvakr\u00e1t do roka, a to pr\u00fd jenom kv\u016fli tomu, aby [&hellip;]","datePublished":"2023-11-20","dateModified":"2023-11-20","author":{"@type":"Person","@id":"https:\/\/www.sheeni.cz\/author\/#Person","name":"","url":"https:\/\/www.sheeni.cz\/author\/","identifier":1,"image":{"@type":"ImageObject","@id":"https:\/\/secure.gravatar.com\/avatar\/0004469d2196026c4aaacbb56e80b8fe204b91e98e8d884732a12310e081011a?s=96&d=mm&r=g","url":"https:\/\/secure.gravatar.com\/avatar\/0004469d2196026c4aaacbb56e80b8fe204b91e98e8d884732a12310e081011a?s=96&d=mm&r=g","height":96,"width":96}},"publisher":{"@type":"Organization","name":"sheeni.cz","logo":{"@type":"ImageObject","@id":"\/logo.png","url":"\/logo.png","width":600,"height":60}},"image":{"@type":"ImageObject","@id":"https:\/\/www.sheeni.cz\/wp-content\/uploads\/tea-1685847_1280%20(1).jpg","url":"https:\/\/www.sheeni.cz\/wp-content\/uploads\/tea-1685847_1280%20(1).jpg","height":0,"width":0},"url":"https:\/\/www.sheeni.cz\/zeleny-caj-s-matou\/","about":["N\u00e1kupy"],"wordCount":459,"articleBody":"   Je opravdu hodn\u011b lid\u00ed, kte\u0159\u00ed si ka\u017ed\u00fd den d\u00e1vaj\u00ed n\u011bjak\u00fd \u010daj, i kdy\u017e zn\u00e1m tak\u00e9 samoz\u0159ejm\u011b lidi, kte\u0159\u00ed v\u016fbec nemaj\u00ed r\u00e1di \u010daje. Opravdu tohle nedok\u00e1\u017ei pochopit, proto\u017ee \u010daj opravdu v zim\u011b kr\u00e1sn\u011b zah\u0159eje. Nap\u0159\u00edklad moje babi\u010dka \u0159\u00edk\u00e1, \u017ee si \u010daj d\u00e1m maxim\u00e1ln\u011b tak jednou nebo dvakr\u00e1t do roka, a to pr\u00fd jenom kv\u016fli tomu, aby se ne\u0159eklo, proto\u017ee j\u00ed n\u011bkdo st\u00e1le n\u011bkdo kupuje k narozenin\u00e1m anebo na V\u00e1noce r\u016fzn\u00e9 \u010daje. A to hlavn\u011b m\u00e1tov\u00e9 \u010daje, proto\u017ee babi\u010dka se jednou zm\u00ednila, \u017ee kdyby u\u017e n\u00e1hodou n\u011bkdy m\u011bla p\u00edt \u010daj, kter\u00fd nem\u00e1 r\u00e1da, tak by to bylo ur\u010dit\u011b jenom m\u00e1tov\u00fd \u010daj https:\/\/darka-shop.cz\/katalog\/cerstve-a-kvalitni-bylinky\/caje-podle-obsazenych-bylinek\/matovy-caj, proto\u017ee m\u00e1tov\u00fd \u010daj pije tak\u00e9 d\u011bde\u010dek a tak\u00e9 to pr\u00fd pila jej\u00ed maminka a \u017e\u00e1dn\u00fd jin\u00fd \u010daj necht\u011bla, pr\u00fd jenom m\u00e1tov\u00fd \u010daj. Tak jsem si \u0159ekla, \u017ee kdy\u017e babi\u010dka, mo\u017en\u00e1 tedy jestli m\u00e1 na m\u00e1tov\u00fd \u010daj dobr\u00e9 vzpom\u00ednky, \u017ee t\u0159eba tento m\u00e1tov\u00fd \u010daj bude tak\u00e9 p\u00edt a jsem r\u00e1da, \u017ee dokonce pije i m\u00e1tov\u00fd \u010daj a d\u00e1 si do toho tak\u00e9 n\u011bkdy med. Jsem r\u00e1da, \u017ee babi\u010dka tohle d\u011bl\u00e1, proto\u017ee ona jinak nem\u00e1 v\u016fbec \u017e\u00e1dnou chu\u0165 k j\u00eddlu, tak\u017ee m\u011b t\u011b\u0161\u00ed, \u017ee alespo\u0148 do sebe dostane med. A dokonce mi \u0159\u00edkala, \u017ee med j\u00ed dokonce i samotn\u00fd, tak\u017ee pr\u00fd t\u0159eba u televize se n\u011bkdy d\u00edv\u00e1 na film anebo na zpr\u00e1vy a j\u00ed u toho l\u017ei\u010dkou med. Je to docela prima, med je zdrav\u00fd a j\u00e1 tohle tak\u00e9 d\u011bl\u00e1m. Kdybych se ale m\u011bla vr\u00e1tit k tomu \u010daji, tak jak\u00e9mu \u010daji d\u00e1v\u00e1te p\u0159ednost vy? Abych se p\u0159iznala, tak m\u011b moc m\u00e1tov\u00fd \u010daj nechutn\u00e1. J\u00e1 jsem sp\u00ed\u0161e na takov\u00e9 ovocn\u00e9 \u010daje, ale n\u011bkdy t\u0159eba, kdy\u017e se koupu ve van\u011b, tak si d\u00e1m pr\u00e1v\u011b m\u00e1tov\u00fd \u010daj. Hork\u00e1 vana kr\u00e1sn\u011b proh\u0159eje a m\u00e1tov\u00fd \u010daj kr\u00e1sn\u011b prot\u00e1hne v\u0161echny dutiny. A vlastn\u011b je v\u00e1m potom tak\u00e9 l\u00e9pe. Nap\u0159\u00edklad j\u00e1 jsem si velice obl\u00edbila pr\u00e1v\u011b m\u00e1tov\u00e9 \u010daje, jenom kdy\u017e se koupu. Jinak takhle p\u0159es den, kdy\u017e se chci zah\u0159\u00e1t a p\u0159ijdu v zim\u011b dom\u016f, tak v\u017edycky chci n\u011bjak\u00fd ovocn\u00fd \u010daj. Moc jsem si obl\u00edbila zelen\u00fd \u010daj s broskv\u00ed. Mysl\u00edm si, \u017ee mnoho lid\u00ed m\u00e1 r\u00e1do r\u016fzn\u00e9 \u010daje a \u017ee klidn\u011b tyto chut\u011b \u010daj\u016f tak\u00e9 st\u0159\u00eddaj\u00ed.                                                                                                                                                                                                                                                                                                                                                                                          3.7\/5 - (3 votes)        "},{"@context":"https:\/\/schema.org\/","@type":"BreadcrumbList","itemListElement":[{"@type":"ListItem","position":1,"name":"Zelen\u00fd \u010daj s m\u00e1tou","item":"https:\/\/www.sheeni.cz\/zeleny-caj-s-matou\/#breadcrumbitem"}]}]